{"id":49,"date":"2023-03-07T15:19:47","date_gmt":"2023-03-07T15:19:47","guid":{"rendered":"http:\/\/przed1945r.grafschaft-glatz.de\/?p=49"},"modified":"2024-01-01T13:39:01","modified_gmt":"2024-01-01T13:39:01","slug":"bitwa-pod-czerwona-gora-kolo-starego-wielislawia","status":"publish","type":"post","link":"https:\/\/przed1945r.grafschaft-glatz.de\/?p=49","title":{"rendered":"Bitwa pod Czerwon\u0105 G\u00f3r\u0105 ko\u0142o Starego Wielis\u0142awia"},"content":{"rendered":"\n<h2 class=\"wp-block-heading\">27 grudnia 1428 r. ksi\u0105\u017c\u0119 Jan zi\u0119bicki (Herzog Johann I. von M\u00fcnsterberg) zgin\u0105\u0142 w wojnach husyckich<\/h2>\n\n\n\n<p>Bitwa pod Starym Wielis\u0142awiem (niem. Die Schlacht bei Altwilmsdorf, czes. Bitva u Star\u00e9 Jesenice) mia\u0142a miejsce podczas wojen husyckich. Zosta\u0142a ona stoczona 27 grudnia 1428 r. pod Czerwon\u0105 G\u00f3r\u0105 [Rote Berge] ko\u0142o Starego Wielis\u0142awia (Altwilmsdorf) w Hrabstwie K\u0142odzkim (Grafschaft Glatz).<\/p>\n\n\n\n<figure class=\"wp-block-image size-full\"><img decoding=\"async\" src=\"http:\/\/przed1945r.grafschaft-glatz.de\/wp-content\/uploads\/2023\/03\/akt2107a.jpg\" alt=\"\" class=\"wp-image-50\"\/><figcaption class=\"wp-element-caption\"><em>Bitwa pod Czerwon\u0105 G\u00f3r\u0105 ko\u0142o Starego Wielis\u0142awia<br>27 grudnia 1428 r.<br>(Obraz Roberta Hauka w Muzeum Ziemi K\u0142odzkiej)<\/em><\/figcaption><\/figure>\n\n\n\n<p>Z zamku Homole (Hummelschloss), kt\u00f3ry husyci okupowali, dokonali oni kilku najazd\u00f3w na Ziemi K\u0142odzkiej (Glatzer Land) i na \u015al\u0105sk. Aby przygotowa\u0107 si\u0119 na najazdy husyt\u00f3w, ksi\u0105\u017c\u0119 zi\u0119bicki Jan ju\u017c w 1424 r. zawar\u0142 sojusz ze starost\u0105 k\u0142odzkim Put\u0105 III (M\u0142odszym) z Czastolowic (cz. P\u016fta III. Mlad\u0161\u00ed z \u010castolovic, niem. Puta d. J. von \u010castolowitz).<\/p>\n\n\n\n<p>Poniewa\u017c husytyzm nie znalaz\u0142 zwolennik\u00f3w w Ziemi K\u0142odzkiej, a dekanat k\u0142odzki nadal wyznawa\u0142 wierno\u015b\u0107 Staremu Ko\u015bcio\u0142owi, a wi\u0119c i kapitule katedralnej w \u017bytawie (Zittauer Domkapitel), husyci zamierzali zaj\u0105\u0107 miasto K\u0142odzko. W tym celu w grudniu 1428 r. rozbili ob\u00f3z w pobli\u017cu Starego Wielis\u0142awia. W\u00f3wczas Jan zi\u0119bicki wraz z Put\u0105 M\u0142odszym, jego te\u015bciem Albrechtem z Koldic (Albrecht von Kolditz) i Wac\u0142awem II opawskim (Wenzel II von Troppau) ruszyli z wojskami \u015bl\u0105skimi i k\u0142odzkimi do Starego Wielis\u0142awia, aby zaatakowa\u0107 ob\u00f3z husyt\u00f3w. W kolejnych walkach, w kt\u00f3rych zwyci\u0119\u017cyli husyci, zgin\u0105\u0142 Jan zi\u0119bicki i oko\u0142o 400 jego wsp\u00f3\u0142towarzyszy walki.<\/p>\n","protected":false},"excerpt":{"rendered":"<p>27 grudnia 1428 r. ksi\u0105\u017c\u0119 Jan zi\u0119bicki (Herzog Johann I. von M\u00fcnsterberg) zgin\u0105\u0142 w wojnach husyckich Bitwa pod Starym Wielis\u0142awiem (niem. Die Schlacht bei Altwilmsdorf, czes. Bitva u Star\u00e9 Jesenice) mia\u0142a miejsce podczas wojen husyckich. Zosta\u0142a ona stoczona 27 grudnia 1428 r. pod Czerwon\u0105 G\u00f3r\u0105 [Rote Berge] ko\u0142o Starego Wielis\u0142awia (Altwilmsdorf) w Hrabstwie K\u0142odzkim (Grafschaft&hellip; <a class=\"more-link\" href=\"https:\/\/przed1945r.grafschaft-glatz.de\/?p=49\"><span class=\"screen-reader-text\">Bitwa pod Czerwon\u0105 G\u00f3r\u0105 ko\u0142o Starego Wielis\u0142awia<\/span> weiterlesen<\/a><\/p>\n","protected":false},"author":3,"featured_media":50,"comment_status":"closed","ping_status":"open","sticky":false,"template":"","format":"standard","meta":{"_jetpack_memberships_contains_paid_content":false,"footnotes":"","jetpack_publicize_message":"","jetpack_publicize_feature_enabled":true,"jetpack_social_post_already_shared":false,"jetpack_social_options":{"image_generator_settings":{"template":"highway","default_image_id":0,"font":"","enabled":false},"version":2}},"categories":[7],"tags":[],"class_list":["post-49","post","type-post","status-publish","format-standard","has-post-thumbnail","hentry","category-translation","entry"],"jetpack_publicize_connections":[],"jetpack_featured_media_url":"https:\/\/przed1945r.grafschaft-glatz.de\/wp-content\/uploads\/2023\/03\/akt2107a-e1704116326511.jpg","jetpack_sharing_enabled":true,"_links":{"self":[{"href":"https:\/\/przed1945r.grafschaft-glatz.de\/index.php?rest_route=\/wp\/v2\/posts\/49","targetHints":{"allow":["GET"]}}],"collection":[{"href":"https:\/\/przed1945r.grafschaft-glatz.de\/index.php?rest_route=\/wp\/v2\/posts"}],"about":[{"href":"https:\/\/przed1945r.grafschaft-glatz.de\/index.php?rest_route=\/wp\/v2\/types\/post"}],"author":[{"embeddable":true,"href":"https:\/\/przed1945r.grafschaft-glatz.de\/index.php?rest_route=\/wp\/v2\/users\/3"}],"replies":[{"embeddable":true,"href":"https:\/\/przed1945r.grafschaft-glatz.de\/index.php?rest_route=%2Fwp%2Fv2%2Fcomments&post=49"}],"version-history":[{"count":2,"href":"https:\/\/przed1945r.grafschaft-glatz.de\/index.php?rest_route=\/wp\/v2\/posts\/49\/revisions"}],"predecessor-version":[{"id":52,"href":"https:\/\/przed1945r.grafschaft-glatz.de\/index.php?rest_route=\/wp\/v2\/posts\/49\/revisions\/52"}],"wp:featuredmedia":[{"embeddable":true,"href":"https:\/\/przed1945r.grafschaft-glatz.de\/index.php?rest_route=\/wp\/v2\/media\/50"}],"wp:attachment":[{"href":"https:\/\/przed1945r.grafschaft-glatz.de\/index.php?rest_route=%2Fwp%2Fv2%2Fmedia&parent=49"}],"wp:term":[{"taxonomy":"category","embeddable":true,"href":"https:\/\/przed1945r.grafschaft-glatz.de\/index.php?rest_route=%2Fwp%2Fv2%2Fcategories&post=49"},{"taxonomy":"post_tag","embeddable":true,"href":"https:\/\/przed1945r.grafschaft-glatz.de\/index.php?rest_route=%2Fwp%2Fv2%2Ftags&post=49"}],"curies":[{"name":"wp","href":"https:\/\/api.w.org\/{rel}","templated":true}]}}