{"id":161,"date":"2024-12-12T15:00:00","date_gmt":"2024-12-12T15:00:00","guid":{"rendered":"http:\/\/przed1945r.grafschaft-glatz.de\/?p=161"},"modified":"2024-12-26T13:47:16","modified_gmt":"2024-12-26T13:47:16","slug":"manfred-spata-biografia","status":"publish","type":"post","link":"https:\/\/przed1945r.grafschaft-glatz.de\/?p=161","title":{"rendered":"Manfred Spata &#8211; Biografia"},"content":{"rendered":"<div class=\"wp-block-image\">\n<figure class=\"aligncenter size-medium\"><img loading=\"lazy\" decoding=\"async\" width=\"455\" height=\"520\" src=\"http:\/\/przed1945r.grafschaft-glatz.de\/wp-content\/uploads\/2024\/12\/Manfred_Spata-455x520.jpg\" alt=\"Manfred Spata \n(Foto: Kurt Andr\u00e4, VDV)\" class=\"wp-image-163\" srcset=\"https:\/\/przed1945r.grafschaft-glatz.de\/wp-content\/uploads\/2024\/12\/Manfred_Spata-455x520.jpg 455w, https:\/\/przed1945r.grafschaft-glatz.de\/wp-content\/uploads\/2024\/12\/Manfred_Spata.jpg 700w\" sizes=\"auto, (max-width: 455px) 100vw, 455px\" \/><figcaption class=\"wp-element-caption\">Manfred Spata (Foto Kurt Andr\u00e4, VDV)<\/figcaption><\/figure>\n<\/div>\n\n\n<p><strong>1944<\/strong> Urodzony w Glatz [K\u0142odzku] na \u015al\u0105sku, dorasta\u0142 w Plettenberg\/Sauerland. <br><strong>1955-1964<\/strong> Gimnazjum z j\u0119zykami obcymi nowo\u017cytnymi w Plettenberg, matura rozszerzona <br><strong>1964-1966<\/strong> S\u0142u\u017cba wojskowa Z2 *1], bateria topograficzna w M\u00fcnster, porucznik rezerwy <br><strong>1966-1971<\/strong> Studia geodezyjne na Uniwersytecie w Bonn, dyplom in\u017cyniera <br><strong>1971-1973<\/strong> Sta\u017c w rz\u0105dzie okr\u0119gowym w D\u00fcsseldorfie, asesor <br><strong>1973-2007<\/strong> Kierownik dzia\u0142u w Pa\u0144stwowym Urz\u0119dzie Geodezyjnym Nadrenii P\u00f3\u0142nocnej-Westfalii w M\u00fcnster (do 1978 r.) i Bonn (od 1979 r.) w zakresie system\u00f3w odniesienia pozycji i wysoko\u015bci, oblicze\u0144 wsp\u00f3\u0142rz\u0119dnych i wysoko\u015bci, transformacje wsp\u00f3\u0142rz\u0119dnych, kalibracje instrument\u00f3w<\/p>\n\n\n\n<p><strong>Tematy badawcze <\/strong><br>Historia geodezji (triangulacje, niwelacje wysoko\u015bci, mapowanie (GK i UTM), centra geograficzne) <br>Historia kartografii (mapy i weduty \u015al\u0105ska, Czech, Grafschaft Glatz [Hrabstwa K\u0142odzkiego]; Martin Helwig, Georg Aelurius, Jonas Scultetus, Tobias Mayer) <br>Historia Grafschaft Glatz\/\u015al\u0105sk (miasto i Grafschaft Glatz [Hrabstwo K\u0142odzkie], tereny g\u00f3rskie, trz\u0119sienia ziemi, powodzie, Georg Aelurius, Johannes von Nepomuk) <\/p>\n\n\n\n<p><strong>Wystawy map<\/strong> <br><strong>1995<\/strong> <em>Ziemia K\u0142odzka w Dawnej Kartografii<\/em> w Muzeum Ziemi K\u0142odzkiej w K\u0142odzku\/Glatz. <br><strong>1996<\/strong> <em>Hrabstwo K\u0142odzkie mi\u0119dzy Czechami a \u015al\u0105skiem &#8211; wystawa map historycznych<\/em> w Domu \u015al\u0105skim [Haus Schlesien] w K\u00f6nigswinter-Heisterbacherrott. <br><strong>1997<\/strong> <em>Hrabstwo K\u0142odzkie na mapach historycznych<\/em> w Emsland Moor Museum w Gro\u00df Hesepe <br><strong>2000<\/strong> <em>Pogranicze Wschodu i Zachodu &#8211; \u015bl\u0105skie mapy z pi\u0119ciu wiek\u00f3w<\/em> w Domu \u015al\u0105skim [Haus Schlesien] w K\u00f6nigswinter-Heisterbacherrott oraz w Archiwum Federalnym w Koblencji. <br><strong>2002<\/strong> <em>Hrabstwo K\u0142odzkie i jego mapy i weduty<\/em> w Muzeum Heimathaus M\u00fcnsterland w Telgte. <br><strong>2004<\/strong> <em>Zmieniaj\u0105ce si\u0119 to\u017csamo\u015bci &#8211; \u015al\u0105sk P\u00f3\u0142nocny i s\u0105siednie \u0141u\u017cyce na mapach historycznych \/ Zmienna to\u017csamo\u015b\u0107 &#8211; Obraz kartograficzny podzia\u0142\u00f3w terytorialnych ziem p\u00f3\u0142nocnego \u015al\u0105ska i wschodnich \u0141u\u017cyc w dziejach<\/em> w Domu \u015al\u0105skim [Haus Schlesien] w K\u00f6nigswinter-Heisterbacherrott, w Muzeum Ziemi Lubuskiej w Zielonej G\u00f3rze\/Gr\u00fcnberg oraz w Nowym Zamku w Parku P\u00fccklera w Bad Muskau. <br><strong>2007<\/strong> Wystawa sta\u0142a <em>200 lat geodezji pa\u0144stwowej w Nadrenii P\u00f3\u0142nocnej-Westfalii<\/em> w Pa\u0144stwowym Urz\u0119dzie Geodezyjnym Nadrenii P\u00f3\u0142nocnej-Westfalii w Bonn-Bad Godesberg (obecnie: Geobasis NRW Rz\u0105du Okr\u0119gowego w Kolonii). <br><strong>2011<\/strong> <em>&#8222;&#8230; matka wszystkich innych map \u015bl\u0105skich&#8220; &#8211; Marcina Helwiga mapa \u015al\u0105ska z 1561 roku<\/em> w Domu \u015al\u0105skim [Haus Schlesien] w K\u00f6nigswinter-Heisterbacherrott, oraz <br><strong>2013<\/strong> w Muzeum Dawnego Kupiectwa w \u015awidnicy\/Schweidnitz, w Muzeum w Nysie oraz w Muzeum w Dzier\u017coniowie\/Reichenbach oraz <br><strong>2014<\/strong> w Muzeum w Jaworze\/Jauer,\u00a0 w Muzeum w Kamiennej G\u00f3rze\/Landeshut i\u00a0 w Muzeum Ziemi K\u0142odzkiej w K\u0142odzku\/Glatz oraz <br><strong>2015<\/strong> r. w Ratuszu w Wo\u0142owie\/Wohlau. <br><strong>2017<\/strong> <em>200 lat historycznych map krajowych &#8211; na przyk\u0142adzie okolic Beuel<\/em> w Heimatmuseum Beuel w Bonn <br><strong>2024<\/strong> <em>&#8222;Kolekcjonowanie jest kwesti\u0105 opinii&#8220;.<\/em> Historyczne mapy i weduty z kolekcji Manfreda Spaty, w Museum Haus Schlesien w K\u00f6nigswinter-Heisterbacherrott, oraz <br><strong>2024\/25<\/strong> w Muzeum Ziemi K\u0142odzkiej w K\u0142odzku \/ Glatz.<\/p>\n\n\n\n<p><strong>Redakcje <\/strong><br>od 2014 Wiadomo\u015bci AGG, <br>od 2018 Aktualno\u015bci portalu &#8222;Vermessungstechnisches Museum&#8220; [Muzeum Geodezji] w Dortmundzie. <\/p>\n\n\n\n<p><strong>Publikacje <\/strong><br>na temat geodezji krajowej <a href=\"https:\/\/www.spata-bonn.de\/listlva.htm\" target=\"_blank\" rel=\"noreferrer noopener\">https:\/\/www.spata-bonn.de\/listlva.htm<\/a> <br>na temat historii kartografii i geodezji <a href=\"https:\/\/www.spata-bonn.de\/listgeod.htm\" target=\"_blank\" rel=\"noreferrer noopener\">https:\/\/www.spata-bonn.de\/listgeod.htm<\/a> <br>na temat historii Hrabstwa K\u0142odzkiego&nbsp; <a href=\"https:\/\/www.spata-bonn.de\/listglaz.htm\" target=\"_blank\" rel=\"noreferrer noopener\">https:\/\/www.spata-bonn.de\/listglaz.htm<\/a> <\/p>\n\n\n\n<p><strong>Cz\u0142onkostwo <\/strong><br>Niemieckie Stowarzyszenie Geodezyjne [Deutscher Verein f\u00fcr Vermessungswesen e.V.(DVW)], <br>Grupa wsparcia Muzeum Geodezji [Vermessungstechnisches Museum e.V.] (rada doradcza i redaktor), <br>Grupa przyjaci\u00f3\u0142 kartografii w Fundacji Pruskiego Dziedzictwa Kulturowego [Stiftung Preu\u00dfischer Kulturbesitz e.V.] (zarz\u0105d), <br>Stowarzyszenie Tobiasa Mayera [Tobias Mayer Association e.V.], <br>Stowarzyszenie na rzecz Historii \u015al\u0105ska [Verein f\u00fcr Geschichte Schlesiens e.V.], <br>Grupa Robocza Hrabstwa K\u0142odzkiego [Arbeitsgemeinschaft Grafschaft Glatz (AGG)] (redaktor), <br>Grupa Robocza Historii Ko\u015bcio\u0142a Hrabstwa K\u0142odzkiego [Kirchenhistorischer Arbeitskreis der Grafschaft Glatz], <br>Stowarzyszenie Dom \u015al\u0105ski [Verein Haus Schlesien e. V.] <\/p>\n\n\n\n<p><strong>Wyr\u00f3\u017cnienia <\/strong><br><strong>2002<\/strong> Medal &#8222;Pro Meritus&#8220; od Fundacji Regionu Noworudzkiego w Polsce (Neurode), <br><strong>2003<\/strong> Nagroda Eratostenesa przyznana przez Grup\u0119 Wsparcia Muzeum Geodezyjnego w Dortmundzie [Vermessungstechnisches Museum Dortmund], <br><strong>2024<\/strong> &#8222;Honorowy Obywatel&#8220; miasta K\u0142odzko \/ Glatz.<\/p>\n\n\n\n<p>\u0179r\u00f3d\u0142o: <a href=\"https:\/\/www.spata-bonn.de\/manspa.htm Uwagi t\u0142umacza: ----------------------------------- *1] S\u0142u\u017cba wojskowa Z2 - oznacza &quot;Zeit 2&quot; tj. podw\u00f3jnej d\u0142ugo\u015bci. Czyli zamiast 1 roku, 2 lata.\">https:\/\/www.spata-bonn.de\/manspa.htm<\/a><\/p>\n\n\n\n<p><strong>Uwagi t\u0142umacza: <\/strong><br>*1] S\u0142u\u017cba wojskowa Z2 &#8211; oznacza &#8222;Zeit 2&#8220; tj. podw\u00f3jnej d\u0142ugo\u015bci. Czyli zamiast 1 roku, 2 lata.<\/p>\n","protected":false},"excerpt":{"rendered":"<p>1944 Urodzony w Glatz [K\u0142odzku] na \u015al\u0105sku, dorasta\u0142 w Plettenberg\/Sauerland. 1955-1964 Gimnazjum z j\u0119zykami obcymi nowo\u017cytnymi w Plettenberg, matura rozszerzona 1964-1966 S\u0142u\u017cba wojskowa Z2 *1], bateria topograficzna w M\u00fcnster, porucznik rezerwy 1966-1971 Studia geodezyjne na Uniwersytecie w Bonn, dyplom in\u017cyniera 1971-1973 Sta\u017c w rz\u0105dzie okr\u0119gowym w D\u00fcsseldorfie, asesor 1973-2007 Kierownik dzia\u0142u w Pa\u0144stwowym Urz\u0119dzie Geodezyjnym&hellip; <a class=\"more-link\" href=\"https:\/\/przed1945r.grafschaft-glatz.de\/?p=161\"><span class=\"screen-reader-text\">Manfred Spata &#8211; Biografia<\/span> weiterlesen<\/a><\/p>\n","protected":false},"author":2,"featured_media":215,"comment_status":"closed","ping_status":"open","sticky":false,"template":"","format":"standard","meta":{"_jetpack_memberships_contains_paid_content":false,"footnotes":"","jetpack_publicize_message":"","jetpack_publicize_feature_enabled":true,"jetpack_social_post_already_shared":true,"jetpack_social_options":{"image_generator_settings":{"template":"highway","default_image_id":0,"font":"","enabled":false},"version":2}},"categories":[7],"tags":[],"class_list":["post-161","post","type-post","status-publish","format-standard","has-post-thumbnail","hentry","category-translation","entry"],"jetpack_publicize_connections":[],"jetpack_featured_media_url":"https:\/\/przed1945r.grafschaft-glatz.de\/wp-content\/uploads\/2024\/12\/Ehrenurkunde-Spata-425x600-1.jpg","jetpack_sharing_enabled":true,"_links":{"self":[{"href":"https:\/\/przed1945r.grafschaft-glatz.de\/index.php?rest_route=\/wp\/v2\/posts\/161","targetHints":{"allow":["GET"]}}],"collection":[{"href":"https:\/\/przed1945r.grafschaft-glatz.de\/index.php?rest_route=\/wp\/v2\/posts"}],"about":[{"href":"https:\/\/przed1945r.grafschaft-glatz.de\/index.php?rest_route=\/wp\/v2\/types\/post"}],"author":[{"embeddable":true,"href":"https:\/\/przed1945r.grafschaft-glatz.de\/index.php?rest_route=\/wp\/v2\/users\/2"}],"replies":[{"embeddable":true,"href":"https:\/\/przed1945r.grafschaft-glatz.de\/index.php?rest_route=%2Fwp%2Fv2%2Fcomments&post=161"}],"version-history":[{"count":5,"href":"https:\/\/przed1945r.grafschaft-glatz.de\/index.php?rest_route=\/wp\/v2\/posts\/161\/revisions"}],"predecessor-version":[{"id":168,"href":"https:\/\/przed1945r.grafschaft-glatz.de\/index.php?rest_route=\/wp\/v2\/posts\/161\/revisions\/168"}],"wp:featuredmedia":[{"embeddable":true,"href":"https:\/\/przed1945r.grafschaft-glatz.de\/index.php?rest_route=\/wp\/v2\/media\/215"}],"wp:attachment":[{"href":"https:\/\/przed1945r.grafschaft-glatz.de\/index.php?rest_route=%2Fwp%2Fv2%2Fmedia&parent=161"}],"wp:term":[{"taxonomy":"category","embeddable":true,"href":"https:\/\/przed1945r.grafschaft-glatz.de\/index.php?rest_route=%2Fwp%2Fv2%2Fcategories&post=161"},{"taxonomy":"post_tag","embeddable":true,"href":"https:\/\/przed1945r.grafschaft-glatz.de\/index.php?rest_route=%2Fwp%2Fv2%2Ftags&post=161"}],"curies":[{"name":"wp","href":"https:\/\/api.w.org\/{rel}","templated":true}]}}